
{"id":7506,"date":"2024-03-10T18:28:17","date_gmt":"2024-03-10T17:28:17","guid":{"rendered":"https:\/\/djurensvanner.se\/varnamo\/?p=7506"},"modified":"2024-08-16T19:20:14","modified_gmt":"2024-08-16T18:20:14","slug":"grimm","status":"publish","type":"post","link":"https:\/\/djurensvanner.se\/varnamo\/nyligen-adopterade\/grimm\/","title":{"rendered":"Grimm(adopterad)"},"content":{"rendered":"<p>Vi fick ett samtal om en katt som f\u00e5ngats i en r\u00e4vf\u00e4lla. Tydligen hade han g\u00e5tt mellan g\u00e5rdarna i flera \u00e5r.\u00a0<\/p>\n<p>Vi h\u00e4mtade honom s\u00e5klart och tog in honom i v\u00e4rmen.<\/p>\n<p>Han \u00e4r inte f\u00f6rtjust i oss m\u00e4nniskor s\u00e5 det kommer ta ett tag innan han \u00e4r trygg.<\/p>\n<p>Grimm \u00e4r kastrerad, vaccinerad, chippad och f\u00f6rs\u00e4krad i Svedea.<\/p>\n<p>Grimm bor i Huskvarna<\/p>\n","protected":false},"excerpt":{"rendered":"<p>Vi fick ett samtal om en katt som f\u00e5ngats i en r\u00e4vf\u00e4lla. Tydligen hade han g\u00e5tt mellan g\u00e5rdarna i flera \u00e5r.\u00a0 Vi h\u00e4mtade honom s\u00e5klart och tog in honom i v\u00e4rmen. Han \u00e4r inte f\u00f6rtjust i oss m\u00e4nniskor s\u00e5 det kommer ta ett tag innan han \u00e4r trygg. Grimm \u00e4r kastrerad, vaccinerad, chippad och f\u00f6rs\u00e4krad&hellip;<\/p>\n<p><a class=\"more-link\" href=\"https:\/\/djurensvanner.se\/varnamo\/nyligen-adopterade\/grimm\/\" title=\"Las mer &lsquo;Grimm(adopterad)&rsquo;\">las mer <span class=\"meta-nav\">&rarr;<\/span><\/a><\/p>\n","protected":false},"author":26,"featured_media":7676,"comment_status":"open","ping_status":"open","sticky":false,"template":"","format":"standard","meta":{"_acf_changed":false,"footnotes":""},"categories":[18],"tags":[],"class_list":["post-7506","post","type-post","status-publish","format-standard","has-post-thumbnail","hentry","category-nyligen-adopterade"],"acf":[],"_links":{"self":[{"href":"https:\/\/djurensvanner.se\/varnamo\/wp-json\/wp\/v2\/posts\/7506","targetHints":{"allow":["GET"]}}],"collection":[{"href":"https:\/\/djurensvanner.se\/varnamo\/wp-json\/wp\/v2\/posts"}],"about":[{"href":"https:\/\/djurensvanner.se\/varnamo\/wp-json\/wp\/v2\/types\/post"}],"author":[{"embeddable":true,"href":"https:\/\/djurensvanner.se\/varnamo\/wp-json\/wp\/v2\/users\/26"}],"replies":[{"embeddable":true,"href":"https:\/\/djurensvanner.se\/varnamo\/wp-json\/wp\/v2\/comments?post=7506"}],"version-history":[{"count":6,"href":"https:\/\/djurensvanner.se\/varnamo\/wp-json\/wp\/v2\/posts\/7506\/revisions"}],"predecessor-version":[{"id":8414,"href":"https:\/\/djurensvanner.se\/varnamo\/wp-json\/wp\/v2\/posts\/7506\/revisions\/8414"}],"wp:featuredmedia":[{"embeddable":true,"href":"https:\/\/djurensvanner.se\/varnamo\/wp-json\/wp\/v2\/media\/7676"}],"wp:attachment":[{"href":"https:\/\/djurensvanner.se\/varnamo\/wp-json\/wp\/v2\/media?parent=7506"}],"wp:term":[{"taxonomy":"category","embeddable":true,"href":"https:\/\/djurensvanner.se\/varnamo\/wp-json\/wp\/v2\/categories?post=7506"},{"taxonomy":"post_tag","embeddable":true,"href":"https:\/\/djurensvanner.se\/varnamo\/wp-json\/wp\/v2\/tags?post=7506"}],"curies":[{"name":"wp","href":"https:\/\/api.w.org\/{rel}","templated":true}]}}