
{"id":7488,"date":"2024-03-04T19:37:46","date_gmt":"2024-03-04T18:37:46","guid":{"rendered":"https:\/\/djurensvanner.se\/varnamo\/?p=7488"},"modified":"2024-05-20T17:01:49","modified_gmt":"2024-05-20T16:01:49","slug":"fritzi","status":"publish","type":"post","link":"https:\/\/djurensvanner.se\/varnamo\/nyligen-adopterade\/fritzi\/","title":{"rendered":"Fritzi(adopterad)"},"content":{"rendered":"<p>Fritzi \u00e4r en hankatt p\u00e5 8 \u00e5r med f\u00f6r m\u00e5nga t\u00e5r &#8211; detta kallas f\u00f6r skeppskatt. Han har haft en tuff period i livet d\u00e5 husse gick bort. Fritzi flyttande in hos sonen med familj och gick fr\u00e5n ute- till innekatt. D\u00e5 han inte trivdes med det provade man att sl\u00e4ppa ut honom en stund och han lyckades smita iv\u00e4g. Efter ca 2 m\u00e5nader vilsen i vinterkylan hittades han mirakul\u00f6st. Sedan dess har han varit skeptisk mot att g\u00e5 ut igen.\u00a0 Eftersom en familjemedlem \u00e4r allergisk har han nu f\u00e5tt flytta till v\u00e5rt katthem,h\u00e4r verkar han trivas bra inomhus. Fritzi \u00e4r en s\u00e4llskapssjuk kisse som har mycket att ber\u00e4tta n\u00e4r man kommer hem. Han ligger g\u00e4rna n\u00e4ra och kelar intensivt.<br \/>\nEfter \u00e4ventyret i vintras var p\u00e4lsen mycket tovig, d\u00e4rav har han nu blivit rakad p\u00e5 kroppen. Han har 2 s\u00e5r vid halsen som tv\u00e4ttas dagligen och l\u00e4ker fint. Han h\u00e5ller p\u00e5 att \u00e4ta upp sig igen. Fritzi \u00e4r kastrerad, vaccinerad, chippad och f\u00f6rs\u00e4krad i Svedea.<\/p>\n<p>Fritzi bor i v\u00e5rt katthem i V\u00e4rnamo<\/p>\n","protected":false},"excerpt":{"rendered":"<p>Fritzi \u00e4r en hankatt p\u00e5 8 \u00e5r med f\u00f6r m\u00e5nga t\u00e5r &#8211; detta kallas f\u00f6r skeppskatt. Han har haft en tuff period i livet d\u00e5 husse gick bort. Fritzi flyttande in hos sonen med familj och gick fr\u00e5n ute- till innekatt. D\u00e5 han inte trivdes med det provade man att sl\u00e4ppa ut honom en stund&hellip;<\/p>\n<p><a class=\"more-link\" href=\"https:\/\/djurensvanner.se\/varnamo\/nyligen-adopterade\/fritzi\/\" title=\"Las mer &lsquo;Fritzi(adopterad)&rsquo;\">las mer <span class=\"meta-nav\">&rarr;<\/span><\/a><\/p>\n","protected":false},"author":26,"featured_media":7489,"comment_status":"open","ping_status":"open","sticky":false,"template":"","format":"standard","meta":{"_acf_changed":false,"footnotes":""},"categories":[18],"tags":[],"class_list":["post-7488","post","type-post","status-publish","format-standard","has-post-thumbnail","hentry","category-nyligen-adopterade"],"acf":[],"_links":{"self":[{"href":"https:\/\/djurensvanner.se\/varnamo\/wp-json\/wp\/v2\/posts\/7488","targetHints":{"allow":["GET"]}}],"collection":[{"href":"https:\/\/djurensvanner.se\/varnamo\/wp-json\/wp\/v2\/posts"}],"about":[{"href":"https:\/\/djurensvanner.se\/varnamo\/wp-json\/wp\/v2\/types\/post"}],"author":[{"embeddable":true,"href":"https:\/\/djurensvanner.se\/varnamo\/wp-json\/wp\/v2\/users\/26"}],"replies":[{"embeddable":true,"href":"https:\/\/djurensvanner.se\/varnamo\/wp-json\/wp\/v2\/comments?post=7488"}],"version-history":[{"count":7,"href":"https:\/\/djurensvanner.se\/varnamo\/wp-json\/wp\/v2\/posts\/7488\/revisions"}],"predecessor-version":[{"id":7891,"href":"https:\/\/djurensvanner.se\/varnamo\/wp-json\/wp\/v2\/posts\/7488\/revisions\/7891"}],"wp:featuredmedia":[{"embeddable":true,"href":"https:\/\/djurensvanner.se\/varnamo\/wp-json\/wp\/v2\/media\/7489"}],"wp:attachment":[{"href":"https:\/\/djurensvanner.se\/varnamo\/wp-json\/wp\/v2\/media?parent=7488"}],"wp:term":[{"taxonomy":"category","embeddable":true,"href":"https:\/\/djurensvanner.se\/varnamo\/wp-json\/wp\/v2\/categories?post=7488"},{"taxonomy":"post_tag","embeddable":true,"href":"https:\/\/djurensvanner.se\/varnamo\/wp-json\/wp\/v2\/tags?post=7488"}],"curies":[{"name":"wp","href":"https:\/\/api.w.org\/{rel}","templated":true}]}}