
{"id":5931,"date":"2023-06-08T18:41:23","date_gmt":"2023-06-08T17:41:23","guid":{"rendered":"https:\/\/djurensvanner.se\/varnamo\/?p=5931"},"modified":"2023-08-21T15:36:17","modified_gmt":"2023-08-21T14:36:17","slug":"herbert","status":"publish","type":"post","link":"https:\/\/djurensvanner.se\/varnamo\/nyligen-adopterade\/herbert\/","title":{"rendered":"Herbert (adopterad)"},"content":{"rendered":"<p>Herbert \u00e4r en busig ungkatt som \u00e4r otroligt nyfiken. Han gillar utmaningar och kollar in allt som h\u00e4nder. Efter att har levt sitt f\u00f6rsta \u00e5r ute s\u00e5 vart han f\u00f6rst r\u00e4dd och f\u00f6rsiktig, men har hos sin jourmatte blommat ut och blivit en or\u00e4dd och social katt som blir mer och mer tillgiven. Han tycker om att busa med andra katter, s\u00e5 han skulle nog trivas b\u00e4st ihop med att f\u00e5 bo tillsammans med en annan busig katt.<\/p>\n<p>Herbert \u00e4r kastrerad, vaccinerad, chippad och f\u00f6rs\u00e4krad i Svedea.<\/p>\n","protected":false},"excerpt":{"rendered":"<p>Herbert \u00e4r en busig ungkatt som \u00e4r otroligt nyfiken. Han gillar utmaningar och kollar in allt som h\u00e4nder. Efter att har levt sitt f\u00f6rsta \u00e5r ute s\u00e5 vart han f\u00f6rst r\u00e4dd och f\u00f6rsiktig, men har hos sin jourmatte blommat ut och blivit en or\u00e4dd och social katt som blir mer och mer tillgiven. Han tycker&hellip;<\/p>\n<p><a class=\"more-link\" href=\"https:\/\/djurensvanner.se\/varnamo\/nyligen-adopterade\/herbert\/\" title=\"Las mer &lsquo;Herbert (adopterad)&rsquo;\">las mer <span class=\"meta-nav\">&rarr;<\/span><\/a><\/p>\n","protected":false},"author":26,"featured_media":6297,"comment_status":"open","ping_status":"open","sticky":false,"template":"","format":"standard","meta":{"_acf_changed":false,"footnotes":""},"categories":[18],"tags":[],"class_list":["post-5931","post","type-post","status-publish","format-standard","has-post-thumbnail","hentry","category-nyligen-adopterade"],"acf":[],"_links":{"self":[{"href":"https:\/\/djurensvanner.se\/varnamo\/wp-json\/wp\/v2\/posts\/5931","targetHints":{"allow":["GET"]}}],"collection":[{"href":"https:\/\/djurensvanner.se\/varnamo\/wp-json\/wp\/v2\/posts"}],"about":[{"href":"https:\/\/djurensvanner.se\/varnamo\/wp-json\/wp\/v2\/types\/post"}],"author":[{"embeddable":true,"href":"https:\/\/djurensvanner.se\/varnamo\/wp-json\/wp\/v2\/users\/26"}],"replies":[{"embeddable":true,"href":"https:\/\/djurensvanner.se\/varnamo\/wp-json\/wp\/v2\/comments?post=5931"}],"version-history":[{"count":7,"href":"https:\/\/djurensvanner.se\/varnamo\/wp-json\/wp\/v2\/posts\/5931\/revisions"}],"predecessor-version":[{"id":6348,"href":"https:\/\/djurensvanner.se\/varnamo\/wp-json\/wp\/v2\/posts\/5931\/revisions\/6348"}],"wp:featuredmedia":[{"embeddable":true,"href":"https:\/\/djurensvanner.se\/varnamo\/wp-json\/wp\/v2\/media\/6297"}],"wp:attachment":[{"href":"https:\/\/djurensvanner.se\/varnamo\/wp-json\/wp\/v2\/media?parent=5931"}],"wp:term":[{"taxonomy":"category","embeddable":true,"href":"https:\/\/djurensvanner.se\/varnamo\/wp-json\/wp\/v2\/categories?post=5931"},{"taxonomy":"post_tag","embeddable":true,"href":"https:\/\/djurensvanner.se\/varnamo\/wp-json\/wp\/v2\/tags?post=5931"}],"curies":[{"name":"wp","href":"https:\/\/api.w.org\/{rel}","templated":true}]}}