
{"id":5928,"date":"2023-06-08T18:38:40","date_gmt":"2023-06-08T17:38:40","guid":{"rendered":"https:\/\/djurensvanner.se\/varnamo\/?p=5928"},"modified":"2023-08-25T06:02:50","modified_gmt":"2023-08-25T05:02:50","slug":"anette","status":"publish","type":"post","link":"https:\/\/djurensvanner.se\/varnamo\/nyligen-adopterade\/anette\/","title":{"rendered":"Anette (adopterad)"},"content":{"rendered":"<p>Anette \u00e4r en f\u00f6rsiktig tjej som g\u00e4rna ligger och spanar. Med lite godis g\u00e5r det att fj\u00e4ska f\u00f6r henne. D\u00e5 g\u00e5r det dessutom bra att klappa lite p\u00e5 kinden. H\u00e4r i jourhemmet \u00e4r vi \u00f6vertygade om att hon kommer att bli en trevlig kisse om hon f\u00e5r tiden att landa i ett eget hem.<\/p>\n<p>Anette \u00e4r chippad, kastrerad och f\u00f6rs\u00e4krad i Svedea. Hon kommer ocks\u00e5 att vara vaccinerad vid flytt.<\/p>\n","protected":false},"excerpt":{"rendered":"<p>Anette \u00e4r en f\u00f6rsiktig tjej som g\u00e4rna ligger och spanar. Med lite godis g\u00e5r det att fj\u00e4ska f\u00f6r henne. D\u00e5 g\u00e5r det dessutom bra att klappa lite p\u00e5 kinden. H\u00e4r i jourhemmet \u00e4r vi \u00f6vertygade om att hon kommer att bli en trevlig kisse om hon f\u00e5r tiden att landa i ett eget hem. Anette&hellip;<\/p>\n<p><a class=\"more-link\" href=\"https:\/\/djurensvanner.se\/varnamo\/nyligen-adopterade\/anette\/\" title=\"Las mer &lsquo;Anette (adopterad)&rsquo;\">las mer <span class=\"meta-nav\">&rarr;<\/span><\/a><\/p>\n","protected":false},"author":26,"featured_media":5929,"comment_status":"open","ping_status":"open","sticky":false,"template":"","format":"standard","meta":{"_acf_changed":false,"footnotes":""},"categories":[18],"tags":[],"class_list":["post-5928","post","type-post","status-publish","format-standard","has-post-thumbnail","hentry","category-nyligen-adopterade"],"acf":[],"_links":{"self":[{"href":"https:\/\/djurensvanner.se\/varnamo\/wp-json\/wp\/v2\/posts\/5928","targetHints":{"allow":["GET"]}}],"collection":[{"href":"https:\/\/djurensvanner.se\/varnamo\/wp-json\/wp\/v2\/posts"}],"about":[{"href":"https:\/\/djurensvanner.se\/varnamo\/wp-json\/wp\/v2\/types\/post"}],"author":[{"embeddable":true,"href":"https:\/\/djurensvanner.se\/varnamo\/wp-json\/wp\/v2\/users\/26"}],"replies":[{"embeddable":true,"href":"https:\/\/djurensvanner.se\/varnamo\/wp-json\/wp\/v2\/comments?post=5928"}],"version-history":[{"count":3,"href":"https:\/\/djurensvanner.se\/varnamo\/wp-json\/wp\/v2\/posts\/5928\/revisions"}],"predecessor-version":[{"id":6400,"href":"https:\/\/djurensvanner.se\/varnamo\/wp-json\/wp\/v2\/posts\/5928\/revisions\/6400"}],"wp:featuredmedia":[{"embeddable":true,"href":"https:\/\/djurensvanner.se\/varnamo\/wp-json\/wp\/v2\/media\/5929"}],"wp:attachment":[{"href":"https:\/\/djurensvanner.se\/varnamo\/wp-json\/wp\/v2\/media?parent=5928"}],"wp:term":[{"taxonomy":"category","embeddable":true,"href":"https:\/\/djurensvanner.se\/varnamo\/wp-json\/wp\/v2\/categories?post=5928"},{"taxonomy":"post_tag","embeddable":true,"href":"https:\/\/djurensvanner.se\/varnamo\/wp-json\/wp\/v2\/tags?post=5928"}],"curies":[{"name":"wp","href":"https:\/\/api.w.org\/{rel}","templated":true}]}}